{"@context":"https:\/\/schema.org\/","@type":"CollectionPage","@id":"https:\/\/www.blogr.cz\/zena\/#CollectionPage","headline":"\u017dena Category","description":"","url":"https:\/\/www.blogr.cz\/zena\/","hasPart":[{"@type":"Article","@id":"https:\/\/www.blogr.cz\/poprve-maminkou-na-co-se-neda-pripravit\/","headline":"Poprv\u00e9 maminkou: Na co se (ne)d\u00e1 p\u0159ipravit","url":"https:\/\/www.blogr.cz\/poprve-maminkou-na-co-se-neda-pripravit\/","datePublished":"2020-04-26","dateModified":"2023-05-01","mainEntityOfPage":"https:\/\/www.blogr.cz\/poprve-maminkou-na-co-se-neda-pripravit\/","author":{"@type":"Person","@id":"https:\/\/www.blogr.cz\/author\/devene\/#Person","name":"devene","url":"https:\/\/www.blogr.cz\/author\/devene\/","identifier":1,"image":{"@type":"ImageObject","@id":"https:\/\/secure.gravatar.com\/avatar\/75822ebcb33f26a58f54da5d813b950f2ea435f36540e293975e215a51d4a023?s=96&d=mm&r=g","url":"https:\/\/secure.gravatar.com\/avatar\/75822ebcb33f26a58f54da5d813b950f2ea435f36540e293975e215a51d4a023?s=96&d=mm&r=g","height":96,"width":96}},"publisher":{"@type":"Organization","name":"blogr.cz","logo":{"@type":"ImageObject","@id":"\/logo.png","url":"\/logo.png","width":600,"height":60}},"image":{"@type":"ImageObject","@id":"https:\/\/www.blogr.cz\/wp-content\/uploads\/img_a374453_w3768_t1586239614.jpg","url":"https:\/\/www.blogr.cz\/wp-content\/uploads\/img_a374453_w3768_t1586239614.jpg","height":0,"width":0},"keywords":null},{"@type":"Article","@id":"https:\/\/www.blogr.cz\/omladnout-je-snem-kazde-zeny-poradime-vam-jak-nezestarnout\/","headline":"Oml\u00e1dnout je snem ka\u017ed\u00e9 \u017eeny. Porad\u00edme v\u00e1m, jak nezest\u00e1rnout!","url":"https:\/\/www.blogr.cz\/omladnout-je-snem-kazde-zeny-poradime-vam-jak-nezestarnout\/","datePublished":"2019-09-05","dateModified":"2023-05-01","mainEntityOfPage":"https:\/\/www.blogr.cz\/omladnout-je-snem-kazde-zeny-poradime-vam-jak-nezestarnout\/","author":{"@type":"Person","@id":"https:\/\/www.blogr.cz\/author\/devene\/#Person","name":"devene","url":"https:\/\/www.blogr.cz\/author\/devene\/","identifier":1,"image":{"@type":"ImageObject","@id":"https:\/\/secure.gravatar.com\/avatar\/75822ebcb33f26a58f54da5d813b950f2ea435f36540e293975e215a51d4a023?s=96&d=mm&r=g","url":"https:\/\/secure.gravatar.com\/avatar\/75822ebcb33f26a58f54da5d813b950f2ea435f36540e293975e215a51d4a023?s=96&d=mm&r=g","height":96,"width":96}},"publisher":{"@type":"Organization","name":"blogr.cz","logo":{"@type":"ImageObject","@id":"\/logo.png","url":"\/logo.png","width":600,"height":60}},"image":{"@type":"ImageObject","@id":"https:\/\/www.blogr.cz\/wp-content\/uploads\/img_a354850_w3768_t1569340399.jpg","url":"https:\/\/www.blogr.cz\/wp-content\/uploads\/img_a354850_w3768_t1569340399.jpg","height":0,"width":0},"keywords":null},{"@type":"Article","@id":"https:\/\/www.blogr.cz\/spolecenske-saty-na-svatbu-a-jejich-dulezitost\/","headline":"Spole\u010densk\u00e9 \u0161aty na svatbu a jejich d\u016fle\u017eitost","url":"https:\/\/www.blogr.cz\/spolecenske-saty-na-svatbu-a-jejich-dulezitost\/","datePublished":"2018-09-30","dateModified":"2023-05-01","mainEntityOfPage":"https:\/\/www.blogr.cz\/spolecenske-saty-na-svatbu-a-jejich-dulezitost\/","author":{"@type":"Person","@id":"https:\/\/www.blogr.cz\/author\/devene\/#Person","name":"devene","url":"https:\/\/www.blogr.cz\/author\/devene\/","identifier":1,"image":{"@type":"ImageObject","@id":"https:\/\/secure.gravatar.com\/avatar\/75822ebcb33f26a58f54da5d813b950f2ea435f36540e293975e215a51d4a023?s=96&d=mm&r=g","url":"https:\/\/secure.gravatar.com\/avatar\/75822ebcb33f26a58f54da5d813b950f2ea435f36540e293975e215a51d4a023?s=96&d=mm&r=g","height":96,"width":96}},"publisher":{"@type":"Organization","name":"blogr.cz","logo":{"@type":"ImageObject","@id":"\/logo.png","url":"\/logo.png","width":600,"height":60}},"image":{"@type":"ImageObject","@id":"https:\/\/www.blogr.cz\/wp-content\/uploads\/img_a331210_w1720_t1543567214.jpg","url":"https:\/\/www.blogr.cz\/wp-content\/uploads\/img_a331210_w1720_t1543567214.jpg","height":0,"width":0},"keywords":null},{"@type":"Article","@id":"https:\/\/www.blogr.cz\/na-problemy-s-vlasy-nerezignujte\/","headline":"Na probl\u00e9my s vlasy nerezignujte","url":"https:\/\/www.blogr.cz\/na-problemy-s-vlasy-nerezignujte\/","datePublished":"2018-07-11","dateModified":"2023-05-01","mainEntityOfPage":"https:\/\/www.blogr.cz\/na-problemy-s-vlasy-nerezignujte\/","author":{"@type":"Person","@id":"https:\/\/www.blogr.cz\/author\/devene\/#Person","name":"devene","url":"https:\/\/www.blogr.cz\/author\/devene\/","identifier":1,"image":{"@type":"ImageObject","@id":"https:\/\/secure.gravatar.com\/avatar\/75822ebcb33f26a58f54da5d813b950f2ea435f36540e293975e215a51d4a023?s=96&d=mm&r=g","url":"https:\/\/secure.gravatar.com\/avatar\/75822ebcb33f26a58f54da5d813b950f2ea435f36540e293975e215a51d4a023?s=96&d=mm&r=g","height":96,"width":96}},"publisher":{"@type":"Organization","name":"blogr.cz","logo":{"@type":"ImageObject","@id":"\/logo.png","url":"\/logo.png","width":600,"height":60}},"image":{"@type":"ImageObject","@id":"https:\/\/www.blogr.cz\/wp-content\/uploads\/img_a324694_w2282_t1536650221.jpg","url":"https:\/\/www.blogr.cz\/wp-content\/uploads\/img_a324694_w2282_t1536650221.jpg","height":0,"width":0},"keywords":null}]}