[{"@context":"https:\/\/schema.org\/","@type":"Article","@id":"https:\/\/www.blogr.cz\/zapomenute-bryle\/#Article","mainEntityOfPage":"https:\/\/www.blogr.cz\/zapomenute-bryle\/","headline":"Zapomenut\u00e9 br\u00fdle","name":"Zapomenut\u00e9 br\u00fdle","description":"Vendel\u00edn se zarazil u reg\u00e1lu se ps\u00edm j\u00eddlem. Nevzal si br\u00fdle, nechal je na stole, kdy\u017e zvedal rolety, tak\u017ee nemohl&hellip;","datePublished":"2024-12-04","dateModified":"2024-12-04","author":{"@type":"Person","@id":"https:\/\/www.blogr.cz\/author\/devene\/#Person","name":"devene","url":"https:\/\/www.blogr.cz\/author\/devene\/","identifier":1,"image":{"@type":"ImageObject","@id":"https:\/\/secure.gravatar.com\/avatar\/75822ebcb33f26a58f54da5d813b950f2ea435f36540e293975e215a51d4a023?s=96&d=mm&r=g","url":"https:\/\/secure.gravatar.com\/avatar\/75822ebcb33f26a58f54da5d813b950f2ea435f36540e293975e215a51d4a023?s=96&d=mm&r=g","height":96,"width":96}},"publisher":{"@type":"Organization","name":"blogr.cz","logo":{"@type":"ImageObject","@id":"\/logo.png","url":"\/logo.png","width":600,"height":60}},"url":"https:\/\/www.blogr.cz\/zapomenute-bryle\/","wordCount":188,"articleBody":"Vendel\u00edn se zarazil u reg\u00e1lu se ps\u00edm j\u00eddlem. Nevzal si br\u00fdle, nechal je na stole, kdy\u017e zvedal rolety, tak\u017ee nemohl p\u0159e\u010d\u00edst, jestli je tahle konzerva ur\u010den\u00e1 pro \u0161t\u011b\u0148ata nebo ne. Sna\u017eil se zaost\u0159it na mal\u00e1 p\u00edsmenka, ale ne\u0161lo mu to. Myslel si, \u017ee bude muset po\u017e\u00e1dat prodava\u010dku, kdy\u017e tu se k n\u011bmu p\u0159ito\u010dila n\u00e1dhern\u00e1 snad p\u011btadvacetilet\u00e1 \u017eena, usm\u00e1la se na n\u011bj a zeptala se, zda pot\u0159ebuje pomoct. N\u011bkdo si v\u0161iml Ne\u010dekal, \u017ee by ho mohl n\u011bkdo oslovit, st\u00e1valo se to m\u00e1lokdy, tak\u017ee zablekotal, \u017ee to nem\u016f\u017ee p\u0159e\u010d\u00edst, jestli by mu mlad\u00e1 pan\u00ed nepomohla. Ona mu velmi vl\u00eddn\u011b na\u0161la konzervu pro \u0161t\u011b\u0148ata a \u0159ekla, \u017ee ho vid\u011bla, jak venku p\u0159ivazuje pejska ke stojanu na kola. Vendel\u00edn byl tak pot\u011b\u0161en\u00fd, \u017ee si ho n\u011bkdo v\u0161iml a \u017ee n\u011bkdo zaregistroval, \u017ee existuje, \u017ee se j\u00ed kone\u010dn\u011b pod\u00edval do o\u010d\u00ed a p\u0159edstavil se.                                                                                                                                                                                                                                                                                                                                                                                        4\/5 - (2 votes)        "},{"@context":"https:\/\/schema.org\/","@type":"BreadcrumbList","itemListElement":[{"@type":"ListItem","position":1,"name":"Zapomenut\u00e9 br\u00fdle","item":"https:\/\/www.blogr.cz\/zapomenute-bryle\/#breadcrumbitem"}]}]