[{"@context":"https:\/\/schema.org\/","@type":"Article","@id":"https:\/\/www.blogr.cz\/vyhody-predskolskeho-zariadenia\/#Article","mainEntityOfPage":"https:\/\/www.blogr.cz\/vyhody-predskolskeho-zariadenia\/","headline":"V\u00fdhody pred\u0161kolsk\u00e9ho zariadenia","name":"V\u00fdhody pred\u0161kolsk\u00e9ho zariadenia","description":"Jasle maj\u00fa t\u00fa v\u00fdhodu, \u017ee je tu re\u017eim \u00faplne prisp\u00f4soben\u00fd mal\u00fdm de\u0165om. Mo\u017eno m\u00e1te trochu strach, ale deti s\u00fa v\u010faka&hellip;","datePublished":"2024-11-25","dateModified":"2024-11-25","author":{"@type":"Person","@id":"https:\/\/www.blogr.cz\/author\/devene\/#Person","name":"devene","url":"https:\/\/www.blogr.cz\/author\/devene\/","identifier":1,"image":{"@type":"ImageObject","@id":"https:\/\/secure.gravatar.com\/avatar\/75822ebcb33f26a58f54da5d813b950f2ea435f36540e293975e215a51d4a023?s=96&d=mm&r=g","url":"https:\/\/secure.gravatar.com\/avatar\/75822ebcb33f26a58f54da5d813b950f2ea435f36540e293975e215a51d4a023?s=96&d=mm&r=g","height":96,"width":96}},"publisher":{"@type":"Organization","name":"blogr.cz","logo":{"@type":"ImageObject","@id":"\/logo.png","url":"\/logo.png","width":600,"height":60}},"url":"https:\/\/www.blogr.cz\/vyhody-predskolskeho-zariadenia\/","wordCount":247,"articleBody":" Jasle maj\u00fa t\u00fa v\u00fdhodu, \u017ee je tu re\u017eim \u00faplne prisp\u00f4soben\u00fd mal\u00fdm de\u0165om. Mo\u017eno m\u00e1te trochu strach, ale deti s\u00fa v\u010faka nim viac sebesta\u010dn\u00e9 a v\u00e4\u010d\u0161inou si ve\u013emi r\u00fdchlo zvykn\u00fa. Navy\u0161e tu maj\u00fa rad kamar\u00e1tov a ve\u013emi skoro si zvykn\u00fa na kolekt\u00edv. S\u00fa tu in\u00e9 hra\u010dky ako doma a tety je neust\u00e1le bavia, tak\u017ee ani nevedia, \u010do je to nuda. Doma na ne v\u017edy nem\u00e1me trpezlivos\u0165, predsa len ka\u017ed\u00fd rodi\u010d nedok\u00e1\u017ee venova\u0165 svoju pozornos\u0165 len die\u0165a\u0165u, ktor\u00e9 ho rozpty\u013euje od v\u0161etk\u00fdch ostatn\u00fdch povinnost\u00ed. Navy\u0161e to predsa nie je \u017eiadny hriech ani zn\u00e1mka neschopnosti, ka\u017ed\u00e9mu toti\u017e vyhovuje nie\u010do in\u00e9. Sk\u00fasenos\u0165 z bl\u00edzkeho okolia Ja sama nem\u00e1m s\u00edce osobn\u00fa sk\u00fasenos\u0165, ale moja kamar\u00e1tka jasle vyu\u017eila u oboch svojich det\u00ed a nem\u00f4\u017ee si ich vynachv\u00e1li\u0165. Bohu\u017eia\u013e je samo \u017eivite\u013eka a naskytla sa jej pr\u00edle\u017eitos\u0165 vr\u00e1ti\u0165 sa k svojej profesii na \u010diasto\u010dn\u00fd \u00fav\u00e4zok. Preto si vybrala pr\u00e1ve t\u00fato mo\u017enos\u0165. Diev\u010datk\u00e1 si zvykli celkom r\u00fdchlo a ona tak bola pokojn\u00e1 a jazdila si pre vesel\u00e9 a usmievav\u00e9 deti. Doma si potom rozpr\u00e1vali, \u010do v\u0161etko za\u017eili. Hlavne t\u00e1 star\u0161ia tu mala plno kamar\u00e1tok, ktor\u00e9 s \u0148ou potom chodili aj do \u0161k\u00f4lky.                                                                                                                                                                                                                                                                                                                                                                                        5\/5 - (3 votes)        "},{"@context":"https:\/\/schema.org\/","@type":"BreadcrumbList","itemListElement":[{"@type":"ListItem","position":1,"name":"V\u00fdhody pred\u0161kolsk\u00e9ho zariadenia","item":"https:\/\/www.blogr.cz\/vyhody-predskolskeho-zariadenia\/#breadcrumbitem"}]}]