[{"@context":"https:\/\/schema.org\/","@type":"Article","@id":"https:\/\/www.blogr.cz\/to-prave-misto-k-zivotu-dum-nebo-byt\/#Article","mainEntityOfPage":"https:\/\/www.blogr.cz\/to-prave-misto-k-zivotu-dum-nebo-byt\/","headline":"To prav\u00e9 m\u00edsto k \u017eivotu \u2013 d\u016fm nebo byt?","name":"To prav\u00e9 m\u00edsto k \u017eivotu \u2013 d\u016fm nebo byt?","description":"V\u00a0\u010cesk\u00e9 republice k\u00a031. 3. 2019 dle \u010cesk\u00e9ho statistick\u00e9ho \u00fa\u0159adu \u017eije 10\u00a0652\u00a0812 obyvatel. Je to po\u010det lid\u00ed, kte\u0159\u00ed pot\u0159ebuj\u00ed m\u00edt sv\u016fj&hellip;","datePublished":"2019-08-03","dateModified":"2023-05-01","author":{"@type":"Person","@id":"https:\/\/www.blogr.cz\/author\/devene\/#Person","name":"devene","url":"https:\/\/www.blogr.cz\/author\/devene\/","identifier":1,"image":{"@type":"ImageObject","@id":"https:\/\/secure.gravatar.com\/avatar\/75822ebcb33f26a58f54da5d813b950f2ea435f36540e293975e215a51d4a023?s=96&d=mm&r=g","url":"https:\/\/secure.gravatar.com\/avatar\/75822ebcb33f26a58f54da5d813b950f2ea435f36540e293975e215a51d4a023?s=96&d=mm&r=g","height":96,"width":96}},"publisher":{"@type":"Organization","name":"blogr.cz","logo":{"@type":"ImageObject","@id":"\/logo.png","url":"\/logo.png","width":600,"height":60}},"image":{"@type":"ImageObject","@id":"https:\/\/www.blogr.cz\/wp-content\/uploads\/img_a352742_w3768_t1567166306.jpg","url":"https:\/\/www.blogr.cz\/wp-content\/uploads\/img_a352742_w3768_t1567166306.jpg","height":0,"width":0},"url":"https:\/\/www.blogr.cz\/to-prave-misto-k-zivotu-dum-nebo-byt\/","about":["Byt a d\u016fm"],"wordCount":407,"articleBody":"\tV\u00a0\u010cesk\u00e9 republice k\u00a031. 3. 2019 dle \u010cesk\u00e9ho statistick\u00e9ho \u00fa\u0159adu \u017eije 10\u00a0652\u00a0812 obyvatel. Je to po\u010det lid\u00ed, kte\u0159\u00ed pot\u0159ebuj\u00ed m\u00edt sv\u016fj domov, m\u00edsto, kde se r\u00e1no probouzej\u00ed a ve\u010der ul\u00e9haj\u00ed ke sp\u00e1nku. N\u011bkte\u0159\u00ed lid\u00e9 vyr\u016fstali v\u00a0byt\u011b a tam pl\u00e1nuj\u00ed vychovat i sv\u00e9 d\u011bti. Jin\u00ed, kte\u0159\u00ed poch\u00e1z\u00ed z\u00a0rodinn\u00e9ho domu se zahradou, kde sekali tr\u00e1vu, hr\u00e1li si s\u00a0m\u00ed\u010dem a maminka p\u011bstovala kv\u011btiny a zeleninu, v\u011bt\u0161inou op\u011bt pro svou rodinu vol\u00ed d\u016fm. Pl\u00e1ny jsou r\u016fzn\u00e9, ale \u017eivot n\u011bkdy nep\u0159edv\u00eddateln\u011b zam\u00edch\u00e1 kartami, situace se zm\u011bn\u00ed a budoucnost je naprosto jin\u00e1.\t\t\u00a0\tObyvatel\u00e9 \u010cR bydl\u00ed v\u00a0celkov\u00e9m po\u010dtu 4\u00a0756\u00a0572 obydlen\u00fdch byt\u016f, z\u00a0toho:\t&#8211;\u00a0\u00a0\u00a0\u00a0\u00a0\u00a0\u00a0\u00a0\u00a0 v\u00a0rodinn\u00fdch domech \u2013 43,7%\t&#8211;\u00a0\u00a0\u00a0\u00a0\u00a0\u00a0\u00a0\u00a0\u00a0 v bytov\u00fdch domech \u2013 55%\t\u00a0\tNeobydlen\u00e9 byty v\u00a0\u010cR, z\u00a0toho:\t&#8211;\u00a0\u00a0\u00a0\u00a0\u00a0\u00a0\u00a0\u00a0\u00a0 byty v\u00a0rodinn\u00fdch domech \u2013 461\u00a0007\t&#8211;\u00a0\u00a0\u00a0\u00a0\u00a0\u00a0\u00a0\u00a0\u00a0 byty v\u00a0bytov\u00fdch domech \u2013 176\u00a0641\t&#8211;\u00a0\u00a0\u00a0\u00a0\u00a0\u00a0\u00a0\u00a0\u00a0 byty v\u00a0neobydlen\u00fdch domech \u2013 384\u00a0911\t\u00a0\tPo\u010det nov\u011b postaven\u00fdch byt\u016f je k\u00a06\/2019 dle Ministerstva pro m\u00edstn\u00ed rozvoj 33\u00a0868.\t\u00a0\t\tVlastnictv\u00ed\tDle vlastnictv\u00ed je z\u00a0obydlen\u00fdch byt\u016f u\u017e\u00edv\u00e1no:\t&#8211;\u00a0\u00a0\u00a0\u00a0\u00a0\u00a0\u00a0\u00a0\u00a0 vlastn\u00edky nebo vlastn\u00edky dom\u016f \u2013 2\u00a0294\u00a0250 tzn. 55,9%\t&#8211;\u00a0\u00a0\u00a0\u00a0\u00a0\u00a0\u00a0\u00a0\u00a0 n\u00e1jemn\u00edky \u2013 920\u00a0405, tzn. 22,4%\t&#8211;\u00a0\u00a0\u00a0\u00a0\u00a0\u00a0\u00a0\u00a0\u00a0 vlastn\u00edky dru\u017estevn\u00edch byt\u016f \u2013 9,4%\t&#8211;\u00a0\u00a0\u00a0\u00a0\u00a0\u00a0\u00a0\u00a0\u00a0 osobami bl\u00edzk\u00fdmi vlastn\u00edk\u016f \u2013 3,4%\t\u00a0\t\tSt\u00e1\u0159\u00ed byt\u016f a dom\u016f\tByty a domy jsou v\u00a0\u010cR pr\u016fm\u011brov\u011b pon\u011bkud star\u0161\u00ed ne\u017e v\u00a0ostatn\u00edch zem\u00edch EU:\t&#8211;\u00a0\u00a0\u00a0\u00a0\u00a0\u00a0\u00a0\u00a0\u00a0 bytov\u00e9 domy \u2013 52,4 let\t&#8211;\u00a0\u00a0\u00a0\u00a0\u00a0\u00a0\u00a0\u00a0\u00a0 domy \u2013 49,3 let\t&#8211;\u00a0\u00a0\u00a0\u00a0\u00a0\u00a0\u00a0\u00a0\u00a0 obydlen\u00e9 byty \u2013 46,5 let\t\u00a0\t\tPlocha byt\u016f\tPr\u016fm\u011brn\u00e1 velikost plochy bytu v\u00a0\u010cR je 65,3 m2, v\u00a0porovn\u00e1n\u00ed se st\u00e1ty EU je men\u0161\u00ed. Jedn\u00e1 se o:\t&#8211;\u00a0\u00a0\u00a0\u00a0\u00a0\u00a0\u00a0\u00a0\u00a0 v\u00a0bytov\u00e9 domy \u2013 52,6 m2\t&#8211;\u00a0\u00a0\u00a0\u00a0\u00a0\u00a0\u00a0\u00a0\u00a0 v\u00a0rodinn\u00e9 domy \u2013 80,9 m2\t\u00a0\t\tN\u00e1klady na bydlen\u00ed \/ m\u011bs\u00edc\tDom\u00e1cnost \u2013\u00a0jednotlivec:\t&#8211; do 65 let \u2013 5\u00a0357,- K\u010d\t&#8211; nad 65 let \u2013 4\u00a0357,- K\u010d\t\u00a0\tDom\u00e1cnost \u2013 p\u00e1r bez d\u011bt\u00ed:\toba do 65 let \u2013 6 164,- K\u010d\talespo\u0148 jeden z\u00a0\u010dlen\u016f 65+ &#8211; 5\u00a0207,- K\u010d\t\u00a0\tDom\u00e1cnost bez d\u011bt\u00ed\u2013 6\u00a0118,- K\u010d\tDom\u00e1cnost \u2013 jeden rodi\u010d + nezaopat\u0159en\u00e9 d\u011bti\u2013 6\u00a0994,- K\u010d\t\u00a0\tDom\u00e1cnost \u2013 dosp\u011bl\u00ed:\t+ 1 nezaopat\u0159en\u00e9 d\u00edt\u011b \u2013 6\u00a0495,- K\u010d\t+ 2 nezaopat\u0159en\u00e9 d\u011bti \u2013 6\u00a0044,- K\u010d\t+ 3 a v\u00edce nezaopat\u0159en\u00fdch d\u011bt\u00ed \u2013 6\u00a0483,- K\u010d\t\u00a0\tDom\u00e1cnost s\u00a0d\u011btmi \u2013 ostatn\u00ed\u2013 6\u00a0325,- K\u010d\u00a0Co se t\u00fdk\u00e1 soci\u00e1ln\u00edho bydlen\u00ed, kter\u00e9 je dnes velmi aktu\u00e1ln\u00edm t\u00e9matem, bylo v\u00a0letech 1998 a\u017e 2018 st\u00e1tn\u00ed investi\u010dn\u00ed podporou po\u0159\u00edzeno celkem 22\u00a0827 byt\u016f ur\u010den\u00fdch pro soci\u00e1ln\u011b handicapovan\u00e9 rodiny nebo seniory se zdravotn\u00edm posti\u017een\u00edm.                                                                                                                                                                                                                                                                                                                                                                                        3.8\/5 - (10 votes)        "},{"@context":"https:\/\/schema.org\/","@type":"BreadcrumbList","itemListElement":[{"@type":"ListItem","position":1,"name":"To prav\u00e9 m\u00edsto k \u017eivotu \u2013 d\u016fm nebo byt?","item":"https:\/\/www.blogr.cz\/to-prave-misto-k-zivotu-dum-nebo-byt\/#breadcrumbitem"}]}]