[{"@context":"https:\/\/schema.org\/","@type":"Article","@id":"https:\/\/www.blogr.cz\/pred-klistaty-mejme-skutecny-respekt\/#Article","mainEntityOfPage":"https:\/\/www.blogr.cz\/pred-klistaty-mejme-skutecny-respekt\/","headline":"P\u0159ed kl\u00ed\u0161\u0165aty m\u011bjme skute\u010dn\u00fd respekt","name":"P\u0159ed kl\u00ed\u0161\u0165aty m\u011bjme skute\u010dn\u00fd respekt","description":"Pry\u010d jsou ty doby, kdy jsme si kl\u00ed\u0161t\u011b p\u0159inesli pouze z n\u00e1v\u0161t\u011bvy lesa. V sou\u010dasnosti se tento nev\u00edtan\u00fd host vt\u00edr\u00e1&hellip;","datePublished":"2019-06-12","dateModified":"2023-05-01","author":{"@type":"Person","@id":"https:\/\/www.blogr.cz\/author\/devene\/#Person","name":"devene","url":"https:\/\/www.blogr.cz\/author\/devene\/","identifier":1,"image":{"@type":"ImageObject","@id":"https:\/\/secure.gravatar.com\/avatar\/75822ebcb33f26a58f54da5d813b950f2ea435f36540e293975e215a51d4a023?s=96&d=mm&r=g","url":"https:\/\/secure.gravatar.com\/avatar\/75822ebcb33f26a58f54da5d813b950f2ea435f36540e293975e215a51d4a023?s=96&d=mm&r=g","height":96,"width":96}},"publisher":{"@type":"Organization","name":"blogr.cz","logo":{"@type":"ImageObject","@id":"\/logo.png","url":"\/logo.png","width":600,"height":60}},"image":{"@type":"ImageObject","@id":"https:\/\/www.blogr.cz\/wp-content\/uploads\/img_a347853_w1771_t1562418612.jpg","url":"https:\/\/www.blogr.cz\/wp-content\/uploads\/img_a347853_w1771_t1562418612.jpg","height":0,"width":0},"url":"https:\/\/www.blogr.cz\/pred-klistaty-mejme-skutecny-respekt\/","wordCount":424,"articleBody":"Pry\u010d jsou ty doby, kdy jsme si kl\u00ed\u0161t\u011b p\u0159inesli pouze z n\u00e1v\u0161t\u011bvy lesa. V sou\u010dasnosti se tento nev\u00edtan\u00fd host vt\u00edr\u00e1 st\u00e1le bl\u00ed\u017ee do na\u0161\u00ed spole\u010dnosti, tak\u017ee i kdy\u017e miluje vlh\u010d\u00ed prost\u0159ed\u00ed listnat\u00fdch les\u016f, v sou\u010dasnosti nepohrdne ani travnat\u00fdmi plochami park\u016f, luk a zahrad.Kl\u00ed\u0161t\u011b je aktivn\u00ed skoro t\u0159i\u010dtvrt\u011b roku. Jakmile skon\u010d\u00ed p\u0159\u00edzemn\u00ed mraz\u00edky a teplota se dr\u017e\u00ed kolem p\u011bti stup\u0148\u016f nad nulou, m\u016f\u017eeme se se setkat s jeho nemilou n\u00e1v\u0161t\u011bvou v podob\u011b p\u0159is\u00e1t\u00ed.V lo\u0148sk\u00e9m roce bylo zaznamen\u00e1no p\u0159es sedm set p\u0159\u00edpad\u016f kl\u00ed\u0161\u0165ov\u00e9 encefalitidy, co\u017e je z\u00e1rove\u0148 nejv\u00edce p\u0159\u00edpad\u016f za posledn\u00edch sedm let. P\u0159itom mnoho z n\u00e1s st\u00e1le v\u00e1h\u00e1 s o\u010dkov\u00e1n\u00edm. Vakcinace toti\u017e vyu\u017e\u00edv\u00e1 pouze dvacet p\u011bt procent populace. Nej\u010dast\u011bj\u0161\u00edm onemocn\u011bn\u00edm v \u010cesku spojen\u00fdm s p\u0159is\u00e1t\u00edm kl\u00ed\u0161t\u011bte je lymesk\u00e1 boreli\u00f3za, kterou se ro\u010dn\u011b nakaz\u00ed t\u0159icet procent lid\u00ed.Jak poznat p\u0159\u00edznaky kl\u00ed\u0161\u0165ov\u00e9 encefalitidy?Prvn\u00ed f\u00e1ze-bolesti hlavy, sval\u016f a kloub\u016f, velk\u00e1 \u00fanavaDruh\u00e1 f\u00e1ze-p\u0159id\u00e1v\u00e1 se zvracen\u00ed a hore\u010dka. \u010cast\u00fdm p\u0159\u00edznakem je tak\u00e9 ztuhlost \u0161\u00edjov\u00e9ho svalstva, kdy pacient nen\u00ed schopen sklonit hlavu sm\u011brem k hrudn\u00edku. Tato z\u00e1va\u017en\u00e1 nemoc je l\u00e9\u010dena na speci\u00e1ln\u00edm odd\u011blen\u00ed neurologie, za pomoc\u00ed infuz\u00ed, kter\u00e9 dodaj\u00ed pacientovi tekutiny ztracen\u00e9 vlivem zvracen\u00ed, d\u00e1le klidov\u00fdm re\u017eimem, spojen\u00fdm s pod\u00e1n\u00edm antibiotik a analgetik zm\u00edr\u0148uj\u00edc\u00ed \u00faporn\u00e9 bolesti hlavy. \u00a0P\u0159\u00edznaky lymesk\u00e9 boreli\u00f3zyMnoho lid\u00ed se z po\u010d\u00e1tku domn\u00edv\u00e1, \u017ee jde o ch\u0159ipku. Projevuje se toti\u017e podobn\u00fdmi p\u0159\u00edznaky jako je \u00fanava, bolest sval\u016f a klub\u016f spojen\u00e1 s hore\u010dkami.V tomto p\u0159\u00edpad\u011b se onemocn\u011bn\u00ed p\u0159i brzk\u00e9m odhalen\u00ed vyl\u00e9\u010d\u00ed v sedmdes\u00e1ti procentech pod\u00e1n\u00edm antibiotik. L\u00e9ky je nutno vyu\u017e\u00edvat beze zbytku, jinak v\u00e1m hroz\u00ed chronick\u00e1 forma, kter\u00e1 m\u016f\u017ee zas\u00e1hnout klouby, (z\u00e1n\u011bty), srdce, (poruchy jeho \u010dinnosti), mozek, (probl\u00e9my psychiatrick\u00e9ho r\u00e1zu, jako jsou deprese, v\u00fdpadky pam\u011bti) \u00a0Proto nepodce\u0148ujme n\u011bkter\u00e9 z p\u0159\u00edznak\u016f, kter\u00e9 se u n\u00e1s objev\u00ed, zejm\u00e9na, pokud jsme v ned\u00e1vn\u00e9 dob\u011b odstranili kl\u00ed\u0161t\u011b. Nejjist\u011bj\u0161\u00ed je odb\u011br vzorku krve u l\u00e9ka\u0159e, kter\u00fd bezpe\u010dn\u011b odhal\u00ed p\u0159\u00ed\u010dinu.                                                                                                                                                                                                                                                                                                                                                                                        3.6\/5 - (5 votes)        "},{"@context":"https:\/\/schema.org\/","@type":"BreadcrumbList","itemListElement":[{"@type":"ListItem","position":1,"name":"P\u0159ed kl\u00ed\u0161\u0165aty m\u011bjme skute\u010dn\u00fd respekt","item":"https:\/\/www.blogr.cz\/pred-klistaty-mejme-skutecny-respekt\/#breadcrumbitem"}]}]