[{"@context":"https:\/\/schema.org\/","@type":"Article","@id":"https:\/\/www.blogr.cz\/nabizime-plne-rozlozitelne-ekologicke-obaly\/#Article","mainEntityOfPage":"https:\/\/www.blogr.cz\/nabizime-plne-rozlozitelne-ekologicke-obaly\/","headline":"Nab\u00edz\u00edme pln\u011b rozlo\u017eiteln\u00e9 ekologick\u00e9 obaly","name":"Nab\u00edz\u00edme pln\u011b rozlo\u017eiteln\u00e9 ekologick\u00e9 obaly","description":"Dod\u00e1v\u00e1me obalov\u00e9, fixa\u010dn\u00ed, v\u00fdpl\u0148ov\u00e9 a ekologick\u00e9 obalov\u00e9 materi\u00e1ly. Jestli\u017ee jste firma nebo soukromn\u00edk, kter\u00fd pot\u0159ebuje \u010dast\u011bji vyu\u017e\u00edvat slu\u017eeb \u010cesk\u00e9 po\u0161ty&hellip;","datePublished":"2021-02-19","dateModified":"2023-05-01","author":{"@type":"Person","@id":"https:\/\/www.blogr.cz\/author\/devene\/#Person","name":"devene","url":"https:\/\/www.blogr.cz\/author\/devene\/","identifier":1,"image":{"@type":"ImageObject","@id":"https:\/\/secure.gravatar.com\/avatar\/75822ebcb33f26a58f54da5d813b950f2ea435f36540e293975e215a51d4a023?s=96&d=mm&r=g","url":"https:\/\/secure.gravatar.com\/avatar\/75822ebcb33f26a58f54da5d813b950f2ea435f36540e293975e215a51d4a023?s=96&d=mm&r=g","height":96,"width":96}},"publisher":{"@type":"Organization","name":"blogr.cz","logo":{"@type":"ImageObject","@id":"\/logo.png","url":"\/logo.png","width":600,"height":60}},"image":{"@type":"ImageObject","@id":"https:\/\/www.blogr.cz\/wp-content\/uploads\/krabice%20st%C4%9Bhov%C3%A1n%C3%AD_1.jpeg","url":"https:\/\/www.blogr.cz\/wp-content\/uploads\/krabice%20st%C4%9Bhov%C3%A1n%C3%AD_1.jpeg","height":0,"width":0},"url":"https:\/\/www.blogr.cz\/nabizime-plne-rozlozitelne-ekologicke-obaly\/","about":["Produkty"],"wordCount":471,"articleBody":"       Dod\u00e1v\u00e1me obalov\u00e9, fixa\u010dn\u00ed, v\u00fdpl\u0148ov\u00e9 a ekologick\u00e9 obalov\u00e9 materi\u00e1ly.Jestli\u017ee jste firma nebo soukromn\u00edk, kter\u00fd pot\u0159ebuje \u010dast\u011bji vyu\u017e\u00edvat slu\u017eeb \u010cesk\u00e9 po\u0161ty nebo jin\u00fdch po\u0161tovn\u00edch p\u011b\u0161\u00e1k\u016f a z\u00e1le\u017e\u00ed v\u00e1m na tolik proklamovan\u00e9 ekologii, jist\u011b uv\u00edt\u00e1te mo\u017enost pou\u017e\u00edv\u00e1n\u00ed ekologick\u00fdch ekologick\u00e9 obaly Balteto.cz obal\u016f a prost\u0159edk\u016f. Kter\u00fdmi m\u016f\u017eete dle libosti vyplnit pr\u00e1zdn\u00e1 m\u00edsta v bal\u00edku tak, aby nap\u0159\u00edklad keramick\u00e1 so\u0161ka nebo objednan\u00e9 a v\u00e1mi dod\u00e1van\u00e9 v\u00fdrobky se b\u011bhem po\u0161tovn\u00ed dopravy, kde s bal\u00ed\u010dky je zach\u00e1zeno n\u011bkdy neuctiv\u011b, nerozbily a nedo\u0161ly jin\u00e9 po\u0161kozuj\u00edc\u00ed \u00fahon\u011b. Stejn\u011b tak si m\u016f\u017ee kdokoliv objednat ekologick\u00e9 v\u00fdpl\u0148ov\u00e9 pol\u0161t\u00e1\u0159ky o rozm\u011brech dvacet na dvan\u00e1ct centimetr\u016f v bio kvalit\u011b, co\u017e znamen\u00e1, \u017ee jsou pln\u011b rozlo\u017eiteln\u00e9 a nez\u016fst\u00e1vaj\u00ed jako jin\u00e9 plastov\u00e9 odpady v p\u0159\u00edrod\u011b, kde by ji zne\u010di\u0161\u0165ovaly. Jsou to nafouknut\u00e9 fixa\u010dn\u00ed pol\u0161t\u00e1\u0159ky, kter\u00e9 jsou lehce se p\u0159izp\u016fsob\u00ed voln\u00e9mu prostoru v bal\u00ed\u010dku. Pokud se v\u00e1m zal\u00edb\u00ed, obdr\u017e\u00edte je ji\u017e vyroben\u00e9, zabalen\u00e9 a p\u0159ipraven\u00e9 p\u0159\u00edmo k pou\u017eit\u00ed. Jedna krabice obsahuje p\u011bt set t\u0159icet kus\u016f. Krabice, ve kter\u00e9 je zas\u00edl\u00e1me, m\u00e1 rozm\u011br osmdes\u00e1t x \u0161edes\u00e1t x \u0161edes\u00e1t centimetr\u016f. Pokud jste zast\u00e1nci \u201ezelen\u00e9 p\u0159\u00edrody\u201c, pak v\u00e1s jist\u011b zaujme informace, \u017ee v\u00fdpl\u0148ov\u00e9 fixa\u010dn\u00ed pol\u0161t\u00e1\u0159ky jsou vyrobeny z pln\u011b rozlo\u017eit\u00e9ho materi\u00e1lu, kter\u00fd je vyroben ze zbyl\u00fdch schr\u00e1nek mo\u0159sk\u00fdch \u0161kebl\u00ed. A jakou jinou barvu mohou pol\u0161t\u00e1\u0159ky m\u00edt, ne\u017e lehce z e l e n o u !Ch\u00e1peme a rozum\u00edme tomu, \u017ee na\u0161i zelenou planetu je nutno chr\u00e1nit!Proto jsme se rozhodli, \u017ee na\u0161e spole\u010dnost p\u016fjde \u201ezelenou cestou\u201c, tou, kterou by se m\u011bly ub\u00edrat v\u0161echny firmy, kter\u00e9 maj\u00ed tu mo\u017enost anebo by si ji m\u011bly vytvo\u0159it. Z\u00e1chrana na\u0161\u00ed zelen\u00e9 planety by m\u011bla le\u017eet na srdci n\u00e1s v\u0161ech. Kdy\u017e n\u00e1m sd\u011blovac\u00ed prost\u0159edky p\u0159en\u00e1\u0161ej\u00ed pohledy na p\u0159epln\u011bn\u00e9 skl\u00e1dky plastu, mrtv\u00e9 ryby v oce\u00e1nech, pt\u00e1ky, kte\u0159\u00ed se udusili v\u0161udyp\u0159\u00edtomn\u00fdm a ve vzduchu poletuj\u00edc\u00edm lehk\u00fdm mikrotenem, m\u00e1me za to, \u017ee je p\u0159\u00edmo povinnost v\u0161ech za\u010d\u00edt u sebe.Proto nab\u00edz\u00edme obalovou techniku, kter\u00e1 je v p\u0159\u00edrod\u011b i pln\u011b rozlo\u017eiteln\u00e1 a nezp\u016fsobuje tak ohromn\u00e9 \u0161kody a nez\u016fst\u00e1v\u00e1 na skl\u00e1dk\u00e1ch, ani v les\u00edch jako memento pro na\u0161e p\u0159\u00ed\u0161t\u00ed generace.                                                                                                                                                                                                                                                                                                                                                                                          4.2\/5 - (16 votes)        "},{"@context":"https:\/\/schema.org\/","@type":"BreadcrumbList","itemListElement":[{"@type":"ListItem","position":1,"name":"Nab\u00edz\u00edme pln\u011b rozlo\u017eiteln\u00e9 ekologick\u00e9 obaly","item":"https:\/\/www.blogr.cz\/nabizime-plne-rozlozitelne-ekologicke-obaly\/#breadcrumbitem"}]}]