[{"@context":"https:\/\/schema.org\/","@type":"Article","@id":"https:\/\/www.blogr.cz\/korek-nejen-jako-spunt\/#Article","mainEntityOfPage":"https:\/\/www.blogr.cz\/korek-nejen-jako-spunt\/","headline":"Korek nejen jako \u0161punt","name":"Korek nejen jako \u0161punt","description":"Pokud jednou zkus\u00edte komfort korkov\u00e9 podlahy, nebudete cht\u00edt u\u017e jinou a pokud ji zkus\u00edte v\u00a0zim\u011b a se zabudovan\u00fdm podlahov\u00fdm topen\u00edm,&hellip;","datePublished":"2020-03-06","dateModified":"2023-05-01","author":{"@type":"Person","@id":"https:\/\/www.blogr.cz\/author\/devene\/#Person","name":"devene","url":"https:\/\/www.blogr.cz\/author\/devene\/","identifier":1,"image":{"@type":"ImageObject","@id":"https:\/\/secure.gravatar.com\/avatar\/75822ebcb33f26a58f54da5d813b950f2ea435f36540e293975e215a51d4a023?s=96&d=mm&r=g","url":"https:\/\/secure.gravatar.com\/avatar\/75822ebcb33f26a58f54da5d813b950f2ea435f36540e293975e215a51d4a023?s=96&d=mm&r=g","height":96,"width":96}},"publisher":{"@type":"Organization","name":"blogr.cz","logo":{"@type":"ImageObject","@id":"\/logo.png","url":"\/logo.png","width":600,"height":60}},"image":{"@type":"ImageObject","@id":"https:\/\/www.blogr.cz\/wp-content\/uploads\/img_a373388_w3768_t1584945786.jpg","url":"https:\/\/www.blogr.cz\/wp-content\/uploads\/img_a373388_w3768_t1584945786.jpg","height":0,"width":0},"url":"https:\/\/www.blogr.cz\/korek-nejen-jako-spunt\/","about":["Byt a d\u016fm"],"wordCount":399,"articleBody":"Pokud jednou zkus\u00edte komfort korkov\u00e9 podlahy, nebudete cht\u00edt u\u017e jinou a pokud ji zkus\u00edte v\u00a0zim\u011b a se zabudovan\u00fdm podlahov\u00fdm topen\u00edm, nebudete se cht\u00edt od n\u00ed odtrhnout. Korek p\u016fsob\u00ed na chodidla velice m\u011bkce a p\u0159\u00edjemn\u011b. Ocen\u00ed ho hlavn\u011b lid\u00e9, co maj\u00ed st\u00e1le pocit chladu od nohou.Korek je k\u016fra z\u00a0dubu korkov\u00e9ho, kter\u00fd se p\u011bstuje hlavn\u011b ve \u0160pan\u011blsku, Portugalsku a v\u00a0severn\u00ed Africe. Tento dub m\u00e1 v\u00fdborn\u00e9 regenera\u010dn\u00ed schopnosti a dok\u00e1\u017ee obnovit od\u0159ezanou k\u016fru. Vynik\u00e1 dobr\u00fdmi izola\u010dn\u00edmi vlastnostmi a cenovou dostupnost\u00ed. Korek tak\u00e9 velice dob\u0159e akumuluje teplo a slou\u017e\u00ed k\u00a0odhlu\u010dn\u011bn\u00ed st\u011bn.Korkov\u00e1 podlaha je ze v\u0161ech podlah ta nejodoln\u011bj\u0161\u00ed. V\u00a0dobr\u00fdch podm\u00ednk\u00e1ch v\u00e1s bude t\u011b\u0161it i za \u010dty\u0159icet let. Korek je tvarov\u011b st\u00e1l\u00fd materi\u00e1l. Podlaha z\u00a0n\u011bj je p\u0159i n\u00e1\u0161lapu naprosto tich\u00e1 a velice obl\u00edben\u00e1 pro d\u011btsk\u00e9 hry. Je odoln\u00e1 a po jej\u00ed pokl\u00e1dce se v\u00e1m ur\u010dit\u011b zmen\u0161\u00ed \u00fa\u010dty za vyt\u00e1p\u011bn\u00ed. N\u011bkte\u0159\u00ed v\u00fdrobci d\u00e1vaj\u00ed na korek z\u00e1ruku proti opot\u0159eben\u00ed a\u017e na 25 let.\tLepen\u00e9 celoplo\u0161n\u00e9 podlahyTyto podlahy jsou velice kompaktn\u00ed, dob\u0159e se za\u0159ez\u00e1vaj\u00ed kolem trubek r\u00e1m\u016f dve\u0159\u00ed atd. Na trhu jsou v\u00a0podob\u011b \u010dtvercov\u00fdch nebo obd\u00e9ln\u00edkov\u00fdch dla\u017edic. Po nalepen\u00ed se mus\u00ed 2x nalakovat bezbarv\u00fdm lakem. Korek je k\u00a0dost\u00e1n\u00ed v\u00a0\u0161irok\u00e9 \u0161k\u00e1le dekor\u016f, kter\u00e9 daj\u00ed vyniknout p\u0159\u00edrodn\u00edmu vzhledu podlahy.\tPlovouc\u00ed korkov\u00e9 podlahyTyto podlahy se pokl\u00e1daj\u00ed z\u00e1mkov\u00fdm syst\u00e9mem a d\u00edky f\u00f3lii na povrchu jsou doporu\u010dovan\u00e9 do hodn\u011b z\u00e1t\u011b\u017eov\u00fdch prostor. Pokl\u00e1dka je velice rychl\u00e1 a jednoduch\u00e1 a vy\u017eaduje jenom rovn\u00fd a such\u00fd podklad. I \u00fadr\u017eba takov\u00e9 podlahy je velice snadn\u00e1.Jednou z\u00a0nejv\u011bt\u0161\u00edch v\u00fdhod korku je to, \u017ee je hypoalergenn\u00ed. V\u00fdroba korkov\u00fdch produkt\u016f je zalo\u017een\u00e1 na va\u0159en\u00ed korkov\u00e9ho granul\u00e1tu p\u00e1rou pod tlakem. Korek uvol\u0148uje prysky\u0159ice, kter\u00e9 um\u00ed granul\u00e1t spojit, a tak se nemus\u00ed pou\u017e\u00edvat \u017e\u00e1dn\u00e9 um\u011bl\u00e9 pojivo. T\u00edm vznik\u00e1 100% p\u0159\u00edrodn\u00ed materi\u00e1l z obnoviteln\u00fdch zdroj\u016f, kter\u00fd v\u00e1s o kr\u016f\u010dek posune k\u00a0ekologii a ohleduplnosti k\u00a0p\u0159\u00edrod\u011b.                                                                                                                                                                                                                                                                                                                                                                                        5\/5 - (5 votes)        "},{"@context":"https:\/\/schema.org\/","@type":"BreadcrumbList","itemListElement":[{"@type":"ListItem","position":1,"name":"Korek nejen jako \u0161punt","item":"https:\/\/www.blogr.cz\/korek-nejen-jako-spunt\/#breadcrumbitem"}]}]