[{"@context":"https:\/\/schema.org\/","@type":"Article","@id":"https:\/\/www.blogr.cz\/kdyz-v-lekarne-nejsou-leky\/#Article","mainEntityOfPage":"https:\/\/www.blogr.cz\/kdyz-v-lekarne-nejsou-leky\/","headline":"Kdy\u017e v l\u00e9k\u00e1rn\u011b nejsou l\u00e9ky","name":"Kdy\u017e v l\u00e9k\u00e1rn\u011b nejsou l\u00e9ky","description":"Kdy\u017e jdeme do l\u00e9k\u00e1rny, po\u010d\u00edt\u00e1me s t\u00edm, \u017ee si m\u016f\u017eeme koupit l\u00e9ky, kter\u00e9 zrovna pot\u0159ebujeme. Od toho tak\u00e9 l\u00e9k\u00e1rna slou\u017e\u00ed,&hellip;","datePublished":"2022-12-30","dateModified":"2023-05-01","author":{"@type":"Person","@id":"https:\/\/www.blogr.cz\/author\/devene\/#Person","name":"devene","url":"https:\/\/www.blogr.cz\/author\/devene\/","identifier":1,"image":{"@type":"ImageObject","@id":"https:\/\/secure.gravatar.com\/avatar\/75822ebcb33f26a58f54da5d813b950f2ea435f36540e293975e215a51d4a023?s=96&d=mm&r=g","url":"https:\/\/secure.gravatar.com\/avatar\/75822ebcb33f26a58f54da5d813b950f2ea435f36540e293975e215a51d4a023?s=96&d=mm&r=g","height":96,"width":96}},"publisher":{"@type":"Organization","name":"blogr.cz","logo":{"@type":"ImageObject","@id":"\/logo.png","url":"\/logo.png","width":600,"height":60}},"image":{"@type":"ImageObject","@id":"https:\/\/www.blogr.cz\/wp-content\/uploads\/capsules-1079838__340_1.jpg","url":"https:\/\/www.blogr.cz\/wp-content\/uploads\/capsules-1079838__340_1.jpg","height":0,"width":0},"url":"https:\/\/www.blogr.cz\/kdyz-v-lekarne-nejsou-leky\/","about":["Slu\u017eby"],"wordCount":476,"articleBody":"         Kdy\u017e jdeme do l\u00e9k\u00e1rny, po\u010d\u00edt\u00e1me s t\u00edm, \u017ee si m\u016f\u017eeme koupit l\u00e9ky, kter\u00e9 zrovna pot\u0159ebujeme. Od toho tak\u00e9 l\u00e9k\u00e1rna slou\u017e\u00ed, \u017ee jo. Kdy\u017e do n\u00ed vejdeme, v\u011bt\u0161inou tam v\u017edycky n\u011bco je vystaveno, tak\u017ee m\u00e1me pocit, \u017ee tam toho je dost. Nav\u00edc v\u011bt\u0161inou je plno l\u00e9k\u016f i ve skladu, kter\u00e9 dovezli distributo\u0159i l\u00e9\u010div a v\u0161echny by se do v\u00fdloh nevlezly. Proto jsou ve skladu, jednak pro dopln\u011bn\u00ed reg\u00e1l\u016f, jednak tam jsou l\u00e9ky, kter\u00e9 lidi moc \u010dasto necht\u011bj\u00ed a kupuj\u00ed si je t\u0159eba jen na recept. Tyto l\u00e9ky b\u00fdvaj\u00ed vzadu ve skladu. Nav\u00edc si v l\u00e9k\u00e1rn\u011b m\u016f\u017eete nechat tak\u00e9 nam\u00edchat n\u011bjakou mast a v\u0161echny tyto ingredience jsou pr\u00e1v\u011b vzadu, to sam\u00e9 i masti. Kdy\u017e si jdete pro nam\u00edchanou mast, v\u011bt\u0161inou v\u00e1m pro ni jde zam\u011bstnanec dozadu, kde je m\u00e1 uschov\u00e1ny. Proto m\u00e1me v\u011bt\u0161inou pocit, \u017ee v l\u00e9k\u00e1rn\u011b je dost l\u00e9k\u016f pro v\u0161echny a \u017ee to ur\u010dit\u011b budou m\u00edt. L\u00e9k\u016f tam je dost, ale i p\u0159esto se m\u016f\u017ee st\u00e1t, \u017ee v\u00e1m nedaj\u00ed takov\u00fd l\u00e9k, kter\u00fd zrovna chcete. Kde je probl\u00e9m? Jak se to m\u016f\u017ee st\u00e1t? Je\u0161t\u011b kdy\u017e si plat\u00edme l\u00e9ky sami.  I tak se ale st\u00e1v\u00e1, \u017ee v l\u00e9k\u00e1rn\u011b nen\u00ed l\u00e9k, kter\u00fd chceme. A m\u00edsto toho n\u00e1m v\u011bt\u0161inou daj\u00ed n\u011bco m\u00edsto toho, co m\u00e1 podobn\u00e9 slo\u017een\u00ed. To v\u0161ak nen\u00ed ono a my jsme zvykl\u00ed na jednu ur\u010ditou zna\u010dku, kterou by n\u00e1m tak\u00e9 m\u011bli prodat. Kdy\u017e si za to zaplat\u00edme, nav\u00edc si plat\u00edme i za recepty. Jak je tedy mo\u017en\u00e9, \u017ee nemaj\u00ed n\u011bjak\u00fd l\u00e9k, kter\u00fd je pom\u011brn\u011b zn\u00e1m\u00fd a lid\u00e9 si ho kupuj\u00ed \u010dasto? Pro\u010d se ho tedy nevyrob\u00ed v\u00edc, aby zbylo pro v\u0161echny? To\u0165 ot\u00e1zka.  Kdy\u017e jdeme do l\u00e9k\u00e1rny a nen\u00ed tam n\u011bjak\u00fd l\u00e9k, daj\u00ed n\u00e1m n\u011bco jin\u00e9ho. Pro\u010d tam ale v\u016fbec nen\u00ed? Je dost mo\u017en\u00e9, \u017ee pr\u00e1v\u011b prob\u00edh\u00e1 na \u00fazem\u00ed na\u0161eho st\u00e1tu epidemie na ch\u0159ipku a podobn\u011b a zkr\u00e1tka je l\u00e9k\u016f nedostatek, obzvl\u00e1\u0161\u0165 t\u011bch, kter\u00e9 lid\u00e9 pou\u017e\u00edvaj\u00ed nejv\u00edc, a to je nap\u0159\u00edklad univerz\u00e1ln\u00ed Paralen. Mimo to nav\u00edc te\u010f prob\u00edh\u00e1 v\u00e1lka na Ukrajin\u011b a n\u011bkter\u00e9 l\u00e9ky jdou proto tam. A na n\u00e1s nezbyde. Takto by to v\u0161ak nem\u011blo b\u00fdt a v\u017edy by se m\u011bly pos\u00edlat l\u00e9ky, kter\u00e9 jsou nav\u00edc.                                                                                                                                                                                                                                                                                                                                                                                          4.1\/5 - (8 votes)        "},{"@context":"https:\/\/schema.org\/","@type":"BreadcrumbList","itemListElement":[{"@type":"ListItem","position":1,"name":"Kdy\u017e v l\u00e9k\u00e1rn\u011b nejsou l\u00e9ky","item":"https:\/\/www.blogr.cz\/kdyz-v-lekarne-nejsou-leky\/#breadcrumbitem"}]}]