[{"@context":"https:\/\/schema.org\/","@type":"Article","@id":"https:\/\/www.blogr.cz\/do-kazdeho-pocasi-i-rocniho-obdobi\/#Article","mainEntityOfPage":"https:\/\/www.blogr.cz\/do-kazdeho-pocasi-i-rocniho-obdobi\/","headline":"Do ka\u017ed\u00e9ho po\u010das\u00ed i ro\u010dn\u00edho obdob\u00ed","name":"Do ka\u017ed\u00e9ho po\u010das\u00ed i ro\u010dn\u00edho obdob\u00ed","description":"Hod\u00ed se do ka\u017ed\u00e9ho po\u010das\u00ed, na jaro, podzim i zimu. Jsou elegantn\u00ed i sportovn\u00ed a m\u011bla by ho vlastnit ka\u017ed\u00e1&hellip;","datePublished":"2024-11-06","dateModified":"2024-11-06","author":{"@type":"Person","@id":"https:\/\/www.blogr.cz\/author\/devene\/#Person","name":"devene","url":"https:\/\/www.blogr.cz\/author\/devene\/","identifier":1,"image":{"@type":"ImageObject","@id":"https:\/\/secure.gravatar.com\/avatar\/75822ebcb33f26a58f54da5d813b950f2ea435f36540e293975e215a51d4a023?s=96&d=mm&r=g","url":"https:\/\/secure.gravatar.com\/avatar\/75822ebcb33f26a58f54da5d813b950f2ea435f36540e293975e215a51d4a023?s=96&d=mm&r=g","height":96,"width":96}},"publisher":{"@type":"Organization","name":"blogr.cz","logo":{"@type":"ImageObject","@id":"\/logo.png","url":"\/logo.png","width":600,"height":60}},"url":"https:\/\/www.blogr.cz\/do-kazdeho-pocasi-i-rocniho-obdobi\/","wordCount":259,"articleBody":"\tHod\u00ed se do ka\u017ed\u00e9ho po\u010das\u00ed, na jaro, podzim i zimu. Jsou elegantn\u00ed i sportovn\u00ed a m\u011bla by ho vlastnit ka\u017ed\u00e1 \u017eena. V\u00a0zim\u011b poskytnou dostate\u010dn\u00e9 teplo i v\u00a0m\u00ednusov\u00fdch teplot\u00e1ch. O\u010d jde? Nebudu v\u00e1s nap\u00ednat, p\u0159ece d\u00e1msk\u00e9 kab\u00e1ty. Nem\u011bl by n\u00e1m chyb\u011bt, oproti bund\u00e1m je univerz\u00e1ln\u011bj\u0161\u00ed. Nosit ho m\u016f\u017eete b\u011b\u017en\u011b, ale i tam, kde pot\u0159ebujte b\u00fdt oble\u010dena spole\u010densky nebo elegantn\u011b. Oby\u010dejn\u00e1 bunda se nehod\u00ed na ples nebo do divadla. Pokud v\u00e1m v\u00a0\u0161atn\u00edku p\u0159eci jen chyb\u00ed, nev\u00e1hejte a ur\u010dit\u011b si n\u011bjak\u00fd opat\u0159ete, na v\u00fdb\u011br jich m\u00e1te velmi mnoho.\tCo slu\u0161\u00ed va\u0161\u00ed postav\u011bUr\u010dit\u011b ale volte podle typu sv\u00e9 postavy, jen tak budete vypadat skv\u011ble. Ka\u017ed\u00e1 \u017eena je jin\u00e1 a ka\u017ed\u00e9 tedy sedne n\u011bco jin\u00e9ho. To, co slu\u0161\u00ed va\u0161\u00ed kamar\u00e1dce, nemus\u00ed b\u00fdt to prav\u00e9 pro v\u00e1s. D\u00e1msk\u00e9 kab\u00e1ty lze vyb\u00edrat z\u00a0mnoha st\u0159ih\u016f, d\u00e9lek, materi\u00e1l\u016f, barev i podle ro\u010dn\u00edho obdob\u00ed, do kter\u00e9ho jsou ur\u010den\u00e9. Mo\u017en\u00e1 v\u00e1m bude slu\u0161et n\u011bjak\u00fd s\u00a0l\u00edmcem a kamar\u00e1dce zase bez n\u011bho. Prakti\u010dt\u011bj\u0161\u00ed pro v\u00e1s bude zap\u00edn\u00e1n\u00ed na zip, pro kamar\u00e1dku zase na knofl\u00edky. Vy\u017eadujete kapuci? Nen\u00ed probl\u00e9m. Zkr\u00e1tka volte i podle toho, co je pro v\u00e1s praktick\u00e9 a pohodln\u00e9.                                                                                                                                                                                                                                                                                                                                                                                        4.2\/5 - (4 votes)        "},{"@context":"https:\/\/schema.org\/","@type":"BreadcrumbList","itemListElement":[{"@type":"ListItem","position":1,"name":"Do ka\u017ed\u00e9ho po\u010das\u00ed i ro\u010dn\u00edho obdob\u00ed","item":"https:\/\/www.blogr.cz\/do-kazdeho-pocasi-i-rocniho-obdobi\/#breadcrumbitem"}]}]